{"id":4484,"date":"2023-05-05T17:24:13","date_gmt":"2023-05-05T15:24:13","guid":{"rendered":"https:\/\/laltrefestival.cat\/inauguracio-laltre-festival-2023\/"},"modified":"2023-05-05T17:25:54","modified_gmt":"2023-05-05T15:25:54","slug":"inauguracio-laltre-festival-2023","status":"publish","type":"post","link":"https:\/\/laltrefestival.cat\/es\/inauguracio-laltre-festival-2023\/","title":{"rendered":"Inauguraci\u00f3n l&#8217;Altre Festival 2023"},"content":{"rendered":"<div class=\"bt_rc_container\"><p><em>Teatro de Pacotilla, Fito Conesa, Col.lectiu Estampa, C\u00eda Silvia Batet, Pensativos en equilibrio, SomSonors (Laura Llaneli + Efectos Secundarios)<\/em>, es decir,\u00a0<strong>m\u00fasica, danza, creaci\u00f3n audiovisual, teatro musical, inteligencia artificial<\/strong>\u2026 un tr\u00edptico esc\u00e9nico ecl\u00e9ctico que nos har\u00e1\u00a0<em>Perder el .Hilo<\/em>, encontrarlo y reencontrarlo y volverlo a perder de nuevo, todo con la mal\u00e9fica intenci\u00f3n de enredarnos a tal punto, que no podamos marchar de la Fabra i Coats hasta que no acabe la novena edici\u00f3n de l\u2019Altre Festival.<\/p>\n<p>Reserva el viernes 9 de junio a las 20.30 h en la plaza de la Xemeneia (recinto Fabra i Coats).<\/p>\n<p>Actividad gratuita con <a href=\"https:\/\/entrapol.is\/HPxZv\"><strong>inscripci\u00f3n previa<\/strong><\/a>!<\/p>\n<\/div>","protected":false},"excerpt":{"rendered":"<p>Teatro de Pacotilla, Fito Conesa, Col.lectiu Estampa, C\u00eda Silvia Batet, Pensativos en equilibrio, SomSonors (Laura Llaneli + Efectos Secundarios), es decir,\u00a0m\u00fasica, danza, creaci\u00f3n audiovisual, teatro musical, inteligencia artificial\u2026 un tr\u00edptico esc\u00e9nico ecl\u00e9ctico que nos har\u00e1\u00a0Perder el .Hilo, encontrarlo y reencontrarlo y volverlo a perder de nuevo, todo con la mal\u00e9fica intenci\u00f3n de enredarnos a tal [&hellip;]<\/p>\n","protected":false},"author":1,"featured_media":4480,"comment_status":"open","ping_status":"open","sticky":false,"template":"","format":"standard","meta":{"footnotes":""},"categories":[1],"tags":[139,114,208,209,84,126,138],"class_list":["post-4484","post","type-post","status-publish","format-standard","has-post-thumbnail","hentry","category-sin-categorizar","tag-dansa-es","tag-festival-es","tag-inauguracio-es","tag-intelligencia-artifical-es","tag-laltre-festival","tag-musica-es","tag-teatre-es"],"aioseo_notices":[],"_links":{"self":[{"href":"https:\/\/laltrefestival.cat\/es\/wp-json\/wp\/v2\/posts\/4484","targetHints":{"allow":["GET"]}}],"collection":[{"href":"https:\/\/laltrefestival.cat\/es\/wp-json\/wp\/v2\/posts"}],"about":[{"href":"https:\/\/laltrefestival.cat\/es\/wp-json\/wp\/v2\/types\/post"}],"author":[{"embeddable":true,"href":"https:\/\/laltrefestival.cat\/es\/wp-json\/wp\/v2\/users\/1"}],"replies":[{"embeddable":true,"href":"https:\/\/laltrefestival.cat\/es\/wp-json\/wp\/v2\/comments?post=4484"}],"version-history":[{"count":2,"href":"https:\/\/laltrefestival.cat\/es\/wp-json\/wp\/v2\/posts\/4484\/revisions"}],"predecessor-version":[{"id":4486,"href":"https:\/\/laltrefestival.cat\/es\/wp-json\/wp\/v2\/posts\/4484\/revisions\/4486"}],"wp:featuredmedia":[{"embeddable":true,"href":"https:\/\/laltrefestival.cat\/es\/wp-json\/wp\/v2\/media\/4480"}],"wp:attachment":[{"href":"https:\/\/laltrefestival.cat\/es\/wp-json\/wp\/v2\/media?parent=4484"}],"wp:term":[{"taxonomy":"category","embeddable":true,"href":"https:\/\/laltrefestival.cat\/es\/wp-json\/wp\/v2\/categories?post=4484"},{"taxonomy":"post_tag","embeddable":true,"href":"https:\/\/laltrefestival.cat\/es\/wp-json\/wp\/v2\/tags?post=4484"}],"curies":[{"name":"wp","href":"https:\/\/api.w.org\/{rel}","templated":true}]}}